[{"@context":"https:\/\/schema.org\/","@type":"Article","@id":"https:\/\/www.imatorino.cz\/co-dat-pani-ucitelkam-na-konci-skolniho-roku\/#Article","mainEntityOfPage":"https:\/\/www.imatorino.cz\/co-dat-pani-ucitelkam-na-konci-skolniho-roku\/","headline":"Co d\u00e1t pan\u00ed u\u010ditelk\u00e1m na konci \u0161koln\u00edho roku","name":"Co d\u00e1t pan\u00ed u\u010ditelk\u00e1m na konci \u0161koln\u00edho roku","description":"M\u00e1te doma d\u00edtko \u0161kolou nebo \u0161kolkou povinn\u00e9 a p\u0159em\u00fd\u0161l\u00edte, co po\u0159\u00eddit pan\u00ed u\u010ditelce jako pod\u011bkov\u00e1n\u00ed na konec \u0161koln\u00edho roku? N\u011bco <span class=\"more-text\">&hellip;<\/span>","datePublished":"2018-05-11","dateModified":"2023-04-28","author":{"@type":"Person","@id":"https:\/\/www.imatorino.cz\/author\/#Person","name":"imatorino.cz\n","url":"https:\/\/www.imatorino.cz\/author\/","identifier":1,"image":{"@type":"ImageObject","@id":"https:\/\/secure.gravatar.com\/avatar\/4a857923b487546550539169ba61d16e7910c692fb61fb4681a6882b9bc918c0?s=96&d=mm&r=g","url":"https:\/\/secure.gravatar.com\/avatar\/4a857923b487546550539169ba61d16e7910c692fb61fb4681a6882b9bc918c0?s=96&d=mm&r=g","height":96,"width":96}},"publisher":{"@type":"Organization","name":"imatorino.cz","logo":{"@type":"ImageObject","@id":"\/logo.png","url":"\/logo.png","width":600,"height":60}},"image":{"@type":"ImageObject","@id":"https:\/\/www.imatorino.cz\/wp-content\/uploads\/img_a316948_w1948_t1527758240.jpg","url":"https:\/\/www.imatorino.cz\/wp-content\/uploads\/img_a316948_w1948_t1527758240.jpg","height":0,"width":0},"url":"https:\/\/www.imatorino.cz\/co-dat-pani-ucitelkam-na-konci-skolniho-roku\/","about":["N\u00e1kupy"],"wordCount":427,"articleBody":" M\u00e1te doma d\u00edtko \u0161kolou nebo \u0161kolkou povinn\u00e9 a p\u0159em\u00fd\u0161l\u00edte, co po\u0159\u00eddit pan\u00ed u\u010ditelce jako pod\u011bkov\u00e1n\u00ed na konec \u0161koln\u00edho roku? N\u011bco se pan\u00ed u\u010ditelce ur\u010dit\u011b slu\u0161\u00ed d\u00e1t, ale co zvolit, aby to bylo vhodn\u00e9? Kyti\u010dek a bonboni\u00e9r nejsp\u00ed\u0161 dostane plno, co takhle zvolit n\u011bco origin\u00e1ln\u011bj\u0161\u00edho a n\u00e1padit\u011bj\u0161\u00edho? Pro takov\u00e9 p\u0159\u00edpady je vhodn\u00fdm \u0159e\u0161en\u00edm t\u0159eba takov\u00fd mil\u00fd d\u00e1rkov\u00fd bal\u00ed\u010dek, kter\u00fd pot\u011b\u0161\u00ed nejednu pan\u00ed u\u010ditelku. Bal\u00ed\u010dek m\u016f\u017ee obsahovat r\u016fzn\u00e9 drobnosti, kter\u00e9 pot\u011b\u0161\u00ed, nap\u0159\u00edklad n\u011bjak\u00fd kosmetick\u00fd produkt, n\u011bco dobr\u00e9ho na zub \u010di n\u011bjak\u00e1 dekorace. S takov\u00fdmto d\u00e1rkem jako zp\u016fsobem pod\u011bkov\u00e1n\u00ed na konci \u0161koln\u00edho roku ur\u010dit\u011b ne\u0161l\u00e1pnete vedle a \u017e\u00e1dn\u00e1 pan\u00ed u\u010ditelka j\u00edm nepohrdne. V na\u0161\u00ed nab\u00eddce  naleznete r\u016fzn\u00e9 velikosti takov\u00fdch d\u00e1rkov\u00fdch bal\u00ed\u010dk\u016f, kter\u00e9 obsahuj\u00ed nap\u0159\u00edklad sv\u00ed\u010dky, \u010daje, kosmetick\u00e9 produkty nebo n\u011bco sladk\u00e9ho na zub. Z takov\u00e9ho d\u00e1rku bude m\u00edt radost nejedna pan\u00ed u\u010ditelka, kterou t\u00edm pot\u011b\u0161\u00edte.Ide\u00e1ln\u00ed d\u00e1rek pro ty, co \u201ev\u0161echno maj\u00ed a nic nepot\u0159ebuj\u00ed\u201c Zn\u00e1te to, nej\u010dast\u011bji se to t\u00fdk\u00e1 lid\u00ed ve star\u0161\u00edm v\u011bku. Chcete koupit t\u0159eba n\u011bco prarodi\u010d\u016fm k narozenin\u00e1m nebo k V\u00e1noc\u016fm a na va\u0161i ot\u00e1zku, co by si p\u0159\u00e1li, v\u00e1m nej\u010dast\u011bji odv\u011bt\u00ed, \u017ee v\u0161echno maj\u00ed a nic nepot\u0159ebuj\u00ed a a\u0165 jim rozhodn\u011b nic nekupujete a ned\u011bl\u00e1te si \u0161kodu. Jen\u017ee co te\u010f, n\u011bco jim d\u00e1t, to se slu\u0161\u00ed, ale co takov\u00fdm lidem koupit za vhodn\u00fd d\u00e1rek, aby t\u00edm nepohrdli nebo aby je\u0161t\u011b nedej bo\u017ee nedo\u0161lo k n\u011bjak\u00e9 h\u00e1dce? I v t\u011bchto p\u0159\u00edpadech je ide\u00e1ln\u00edm \u0159e\u0161en\u00edm praktick\u00fd d\u00e1rkov\u00fd ko\u0161, jeho\u017e obsah m\u016f\u017eete p\u0159izp\u016fsobit pot\u0159eb\u00e1m a chut\u00edm obdarovan\u00e9ho. Takov\u00fd bal\u00ed\u010dek pak m\u016f\u017ee b\u00fdt t\u0159eba kosmetick\u00fd nebo potravinov\u00fd \u010di kombinace oboj\u00edho. Pokud si tedy nev\u00edte rady s d\u00e1rkem pro kohokoliv, z na\u0161\u00ed nab\u00eddky kr\u00e1sn\u011b zabalen\u00fdch d\u00e1rkov\u00fdch bal\u00ed\u010dk\u016f, set\u016f a ko\u0161\u016f ur\u010dit\u011b vyberete pro d\u00e1my i pro p\u00e1ny r\u016fzn\u00fdch v\u011bkov\u00fdch kategori\u00ed. Darujte praktick\u00fd bal\u00ed\u010dek, kter\u00fd ud\u011bl\u00e1 radost a pot\u011b\u0161\u00ed.                                                                                                                                                                                                                                                                                                                                                                                        3.7\/5 - (6 votes)        "},{"@context":"https:\/\/schema.org\/","@type":"BreadcrumbList","itemListElement":[{"@type":"ListItem","position":1,"name":"Co d\u00e1t pan\u00ed u\u010ditelk\u00e1m na konci \u0161koln\u00edho roku","item":"https:\/\/www.imatorino.cz\/co-dat-pani-ucitelkam-na-konci-skolniho-roku\/#breadcrumbitem"}]}]