[{"@context":"https:\/\/schema.org\/","@type":"Article","@id":"https:\/\/www.imatorino.cz\/je-nekdy-tezke-byt-stary\/#Article","mainEntityOfPage":"https:\/\/www.imatorino.cz\/je-nekdy-tezke-byt-stary\/","headline":"Je n\u011bkdy t\u011b\u017ek\u00e9 b\u00fdt star\u00fd","name":"Je n\u011bkdy t\u011b\u017ek\u00e9 b\u00fdt star\u00fd","description":"Ka\u017ed\u00e9ho z\u00a0n\u00e1s to \u010dek\u00e1. Jednou budeme ve v\u011bku, kdy u\u017e si neobstar\u00e1me sv\u00e9 pot\u0159eby tak jednodu\u0161e, jak je tomu v\u00a0dob\u011b, <span class=\"more-text\">&hellip;<\/span>","datePublished":"2023-04-28","dateModified":"2023-04-28","author":{"@type":"Person","@id":"https:\/\/www.imatorino.cz\/author\/#Person","name":"imatorino.cz\n","url":"https:\/\/www.imatorino.cz\/author\/","identifier":1,"image":{"@type":"ImageObject","@id":"https:\/\/secure.gravatar.com\/avatar\/4a857923b487546550539169ba61d16e7910c692fb61fb4681a6882b9bc918c0?s=96&d=mm&r=g","url":"https:\/\/secure.gravatar.com\/avatar\/4a857923b487546550539169ba61d16e7910c692fb61fb4681a6882b9bc918c0?s=96&d=mm&r=g","height":96,"width":96}},"publisher":{"@type":"Organization","name":"imatorino.cz","logo":{"@type":"ImageObject","@id":"\/logo.png","url":"\/logo.png","width":600,"height":60}},"url":"https:\/\/www.imatorino.cz\/je-nekdy-tezke-byt-stary\/","about":["Slu\u017eby"],"wordCount":437,"articleBody":"Ka\u017ed\u00e9ho z\u00a0n\u00e1s to \u010dek\u00e1. Jednou budeme ve v\u011bku, kdy u\u017e si neobstar\u00e1me sv\u00e9 pot\u0159eby tak jednodu\u0161e, jak je tomu v\u00a0dob\u011b, kdy jsme mlad\u00ed a pln\u00ed s\u00edly. P\u0159ijdou nemoci, n\u00e1\u0161 organismus za\u010d\u00edn\u00e1 poci\u0165ovat opot\u0159ebov\u00e1n\u00ed a b\u011b\u017en\u00e9 \u00fakony za\u010d\u00ednaj\u00ed \u010dlov\u011bka zm\u00e1hat. N\u011bkdy i mlad\u00ed lid\u00e9, sti\u017eeni n\u011bjakou chorobou, se ocitnou v\u00a0podobn\u00e9 situaci. Mnoho lid\u00ed nem\u00e1 rodinu, kter\u00e1 by se v\u00a0takov\u00fdch chv\u00edl\u00edch dok\u00e1zala postarat, a tak nezb\u00fdv\u00e1, ne\u017e se poohl\u00e9dnout po mo\u017enostech, kter\u00e9 n\u00e1m nab\u00edz\u00ed trh se slu\u017ebami.M\u016f\u017eeme si v\u011bt\u0161inou vybrat. Ka\u017ed\u00e9 v\u011bt\u0161\u00ed m\u011bsto nab\u00edz\u00ed jak soukrom\u00e9 slu\u017eby, kter\u00e9 p\u0159edkl\u00e1daj\u00ed r\u016fzn\u00e9 druhy prac\u00ed, tak i slu\u017eby m\u011bstsk\u00e9, kter\u00e9 organizuje a finan\u010dn\u011b podporuje m\u011bsto. V\u0161echny slu\u017eby jsou placen\u00e9, a tak, bohu\u017eel, tato mo\u017enost z\u00e1vis\u00ed i na v\u00fd\u0161i p\u0159\u00edjmu takov\u00e9ho \u010dlov\u011bka.Slu\u017eby soukrom\u00e9\u00a0\u00a0\u00a0\u00a0\u00a0\u00a0\u00a0\u00a0\u00a0\u00a0\u00a0\u00a0\u00a0\u00a0\u00a0\u00a0\u00a0\u00a0\u00a0\u00a0\u00a0\u00a0\u00a0\u00a0\u00a0\u00a0\u00a0\u00a0\u00a0 Dnes je mnoho organizac\u00ed, kter\u00e9 po sametov\u00e9 revoluci vyrostly jako houby po de\u0161ti. Je v\u0161ak zcela jasn\u00e9, \u017ee ne v\u0161echny se na trhu slu\u017eeb udr\u017eely. Kvalita jejich pr\u00e1ce nebyla takov\u00e1, aby dok\u00e1zala uspokojit n\u00e1roky handicapovan\u00fdch osob, a tak z\u00e1konit\u011b z\u00a0trhu slu\u017eeb ode\u0161ly. Mnoh\u00e9 ale kvalitu sv\u00e9 pr\u00e1ce obh\u00e1jily, staly se obl\u00edben\u00fdmi a mnoho lid\u00ed jejich nab\u00eddky vyu\u017e\u00edv\u00e1. Hled\u00e1me-li pro sv\u00e9ho rodinn\u00e9ho p\u0159\u00edslu\u0161n\u00edka takovou pomoc, je nutn\u00e9 dob\u0159e kvalitu takov\u00e9 organizace prov\u011b\u0159it, zjistit si recenze na jejich pr\u00e1ci a podle toho vyb\u00edrat.Slu\u017eby organizovan\u00e9 m\u011bsty nebo obcemi\u00a0\u00a0\u00a0\u00a0\u00a0\u00a0\u00a0\u00a0\u00a0\u00a0\u00a0\u00a0\u00a0\u00a0\u00a0\u00a0\u00a0\u00a0\u00a0\u00a0\u00a0\u00a0\u00a0\u00a0\u00a0\u00a0\u00a0\u00a0\u00a0\u00a0 Mnoho obc\u00ed dnes samy organizuj\u00ed pro handicapovan\u00e9 osoby mo\u017enost objednat si soci\u00e1ln\u00ed slu\u017eby, kter\u00e9 pak provozuj\u00ed formou pe\u010dovatelek, pe\u010dovatelsk\u00fdch dom\u016f nebo domov\u016f pro seniory. V\u011bdom\u00ed, \u017ee tyto slu\u017eby jsou velmi pot\u0159ebn\u00e9 a vyhled\u00e1van\u00e9, vedou m\u011bsta a obce k\u00a0tomu, aby lid\u00e9 tyto slu\u017eby v\u00a0dan\u00e9m okrsku na\u0161li a mohli je vyu\u017e\u00edt. Z\u0159izuj\u00ed tak \u00falevu nejen pro star\u00e9 a nemocn\u00e9 ob\u010dany, ale pom\u00e1haj\u00ed t\u00e9\u017e ve vytv\u00e1\u0159en\u00ed pracovn\u00edch m\u00edst i v\u00a0docela mal\u00fdch obc\u00edch, kde je obt\u00ed\u017en\u00e9 doj\u00ed\u017ed\u011bn\u00ed za prac\u00ed. V\u011bt\u0161ina obc\u00ed tak\u00e9 tyto slu\u017eby n\u011bjak\u00fdm d\u00edlem dotuj\u00ed. Lid\u00e9, kte\u0159\u00ed pak takovou slu\u017ebu pot\u0159ebuj\u00ed, nemus\u00ed s\u00e1hnout tak hluboko do kapsy a je jim tato pomoc dostupn\u011bj\u0161\u00ed.                                                                                                                                                                                                                                                                                                                                                                                        5\/5 - (5 votes)        "},{"@context":"https:\/\/schema.org\/","@type":"BreadcrumbList","itemListElement":[{"@type":"ListItem","position":1,"name":"Je n\u011bkdy t\u011b\u017ek\u00e9 b\u00fdt star\u00fd","item":"https:\/\/www.imatorino.cz\/je-nekdy-tezke-byt-stary\/#breadcrumbitem"}]}]