[{"@context":"https:\/\/schema.org\/","@type":"Article","@id":"https:\/\/www.imatorino.cz\/kastilie-a-leon-rozpalene-srdce-spanelska\/#Article","mainEntityOfPage":"https:\/\/www.imatorino.cz\/kastilie-a-leon-rozpalene-srdce-spanelska\/","headline":"Kastilie a Le\u00f3n. Rozp\u00e1len\u00e9 srdce \u0160pan\u011blska.","name":"Kastilie a Le\u00f3n. Rozp\u00e1len\u00e9 srdce \u0160pan\u011blska.","description":"Kastilie a Le\u00f3n je jedno ze sedmn\u00e1cti autonomn\u00edch spole\u010denstv\u00ed \u0160pan\u011blsk\u00e9ho kr\u00e1lovstv\u00ed, z nich\u017e je nejv\u011bt\u0161\u00ed. Tento spr\u00e1vn\u00ed celek se rozkl\u00e1d\u00e1 <span class=\"more-text\">&hellip;<\/span>","datePublished":"2018-06-11","dateModified":"2023-04-28","author":{"@type":"Person","@id":"https:\/\/www.imatorino.cz\/author\/#Person","name":"imatorino.cz\n","url":"https:\/\/www.imatorino.cz\/author\/","identifier":1,"image":{"@type":"ImageObject","@id":"https:\/\/secure.gravatar.com\/avatar\/4a857923b487546550539169ba61d16e7910c692fb61fb4681a6882b9bc918c0?s=96&d=mm&r=g","url":"https:\/\/secure.gravatar.com\/avatar\/4a857923b487546550539169ba61d16e7910c692fb61fb4681a6882b9bc918c0?s=96&d=mm&r=g","height":96,"width":96}},"publisher":{"@type":"Organization","name":"imatorino.cz","logo":{"@type":"ImageObject","@id":"\/logo.png","url":"\/logo.png","width":600,"height":60}},"image":{"@type":"ImageObject","@id":"https:\/\/www.imatorino.cz\/wp-content\/uploads\/img_a319868_w1948_t1530996752.jpg","url":"https:\/\/www.imatorino.cz\/wp-content\/uploads\/img_a319868_w1948_t1530996752.jpg","height":0,"width":0},"url":"https:\/\/www.imatorino.cz\/kastilie-a-leon-rozpalene-srdce-spanelska\/","about":["Slu\u017eby"],"wordCount":367,"articleBody":" Kastilie a Le\u00f3n je jedno ze sedmn\u00e1cti autonomn\u00edch spole\u010denstv\u00ed \u0160pan\u011blsk\u00e9ho kr\u00e1lovstv\u00ed, z nich\u017e je nejv\u011bt\u0161\u00ed. Tento spr\u00e1vn\u00ed celek se rozkl\u00e1d\u00e1 u v\u00fdchodn\u00edch hranic Portugalska, ve vnitrozem\u00ed na severu \u0160pan\u011blska. Toto autonomn\u00ed spole\u010denstv\u00ed vzniklo spojen\u00edm dvou historick\u00fdch \u00fazem\u00ed a to se Starou Kastilii a s men\u0161\u00ed Le\u00f3nou. Vallioda je spr\u00e1vn\u00edm st\u0159ediskem tohoto autonomn\u00edho celku. Tento autonomn\u00ed celek se n\u00e1sledn\u011b d\u011bl\u00ed na dev\u011bt provinci\u00ed, co\u017e jsou Zamora, Valladolid, Soria, Segovia, Salamanca, Palencia, Le\u00f3n, Burgos a \u00c1vila. Kastilie a Le\u00f3n je p\u0159ev\u00e1\u017en\u011b ohrani\u010den poho\u0159\u00edmi, nap\u0159\u00edklad Le\u00f3nsk\u00e9 poho\u0159\u00ed, Ibersk\u00e9 poho\u0159\u00ed, Kantabersk\u00e9 poho\u0159\u00ed, Kastilsk\u00e9 poho\u0159\u00ed. Na z\u00e1pad\u011b hranici s Portugalskem tvo\u0159\u00ed \u0159eka Duero, d\u00e1le soused\u00ed s mnoha dal\u0161\u00edmi autonomn\u00edmi spole\u010denstvi, jmenovit\u011b nap\u0159\u00edklad s Madridem, Baskicke a na jihu s Extremadurou (m\u016f\u017eete si o n\u00ed p\u0159e\u010d\u00edst kr\u00e1sn\u00fd \u010dl\u00e1nek). Hory jsou ide\u00e1ln\u00ed p\u0159edev\u0161\u00edm pro letn\u00ed p\u011b\u0161\u00ed v\u00fdlety a cyklistiku. Centrum regionu se nach\u00e1z\u00ed v pr\u016fm\u011brn\u00e9 nadmo\u0159sk\u00e9 v\u00fd\u0161ce 800 metr\u016f nad mo\u0159em na n\u00e1horn\u00ed plo\u0161in\u011b. Tento region vskutku p\u0159ekypuje pam\u00e1tkami. Ji\u017e hlavn\u00ed spr\u00e1vn\u00ed centrum autonomn\u00edho spole\u010denstv\u00ed Kastilie a Le\u00f3n Valliod m\u00e1 co nab\u00eddnout. Je to nejv\u011bt\u0161\u00ed aglomerace v regionu a m\u016f\u017ee se py\u0161nit n\u00e1m\u011bst\u00edm Plaza Mayor s radnic\u00ed z po\u010d\u00e1tku dvac\u00e1t\u00e9ho stolet\u00ed a zachoval\u00fdmi m\u011b\u0161\u0165ansk\u00fdmi domy. D\u00e1le se m\u016f\u017ee m\u011bsto pochlubit Catedral de Nuestra Se\u00f1ora de la Asunci\u00f3n de Valladolid. Druh\u00e1 nejv\u011bt\u0161\u00ed aglomerace v regionu, Burgos, se m\u017ee pochlubit Santa Iglesia Catedral Bas\u00edlica Metropolitana de Santa Mar\u00eda de Burgos. T\u0159et\u00ed nejv\u011bt\u0161\u00ed m\u011bsto v Kastilii a Le\u00f3nu je Salamanca. Zde se nach\u00e1z\u00ed nejstar\u0161\u00ed, doposud funguj\u00edc\u00ed univerzita ve \u0160pan\u011blsku, chr\u00e1mem a kl\u00e1\u0161terem San Esteban a po\u010d\u00e1tky m\u011bsta sahaj\u00ed a\u017e do dob \u0158\u00ed\u0161e \u0159\u00ed\u0161e. Zde se ukazuje jedna zaj\u00edmavost a to je pobo\u017enost \u0160pan\u011bl\u016f v dob\u00e1ch nejen minul\u00fdch.                                                                                                                                                                                                                                                                                                                                                                                         4.4\/5 - (9 votes)        "},{"@context":"https:\/\/schema.org\/","@type":"BreadcrumbList","itemListElement":[{"@type":"ListItem","position":1,"name":"Kastilie a Le\u00f3n. Rozp\u00e1len\u00e9 srdce \u0160pan\u011blska.","item":"https:\/\/www.imatorino.cz\/kastilie-a-leon-rozpalene-srdce-spanelska\/#breadcrumbitem"}]}]