[{"@context":"https:\/\/schema.org\/","@type":"Article","@id":"https:\/\/www.imatorino.cz\/ombre-uprava-vlasu\/#Article","mainEntityOfPage":"https:\/\/www.imatorino.cz\/ombre-uprava-vlasu\/","headline":"Ombr\u00e9 \u00faprava vlas\u016f","name":"Ombr\u00e9 \u00faprava vlas\u016f","description":"Hitem posledn\u00edch n\u011bkolika let, co se t\u00fd\u010de barven\u00ed vlas\u016f je ombr\u00e9 styl. Z\u00e1kladn\u00edm charakteristick\u00fdm znakem t\u00e9to \u00fapravy vlas\u016f je zesv\u011btlen\u00ed <span class=\"more-text\">&hellip;<\/span>","datePublished":"2025-03-02","dateModified":"2023-04-28","author":{"@type":"Person","@id":"https:\/\/www.imatorino.cz\/author\/#Person","name":"imatorino.cz\n","url":"https:\/\/www.imatorino.cz\/author\/","identifier":1,"image":{"@type":"ImageObject","@id":"https:\/\/secure.gravatar.com\/avatar\/4a857923b487546550539169ba61d16e7910c692fb61fb4681a6882b9bc918c0?s=96&d=mm&r=g","url":"https:\/\/secure.gravatar.com\/avatar\/4a857923b487546550539169ba61d16e7910c692fb61fb4681a6882b9bc918c0?s=96&d=mm&r=g","height":96,"width":96}},"publisher":{"@type":"Organization","name":"imatorino.cz","logo":{"@type":"ImageObject","@id":"\/logo.png","url":"\/logo.png","width":600,"height":60}},"image":{"@type":"ImageObject","@id":"https:\/\/www.imatorino.cz\/wp-content\/uploads\/img_a287384_w1948_t1498052521.jpg","url":"https:\/\/www.imatorino.cz\/wp-content\/uploads\/img_a287384_w1948_t1498052521.jpg","height":0,"width":0},"url":"https:\/\/www.imatorino.cz\/ombre-uprava-vlasu\/","about":["M\u00f3da"],"wordCount":520,"articleBody":"Hitem posledn\u00edch n\u011bkolika let, co se t\u00fd\u010de barven\u00ed vlas\u016f je ombr\u00e9 styl. Z\u00e1kladn\u00edm charakteristick\u00fdm znakem t\u00e9to \u00fapravy vlas\u016f je zesv\u011btlen\u00ed kone\u010dk\u016f. Nejl\u00e9pe to vypad\u00e1 u dlouh\u00fdch vlas\u016f, jejich\u017e p\u0159\u00edrodn\u00ed barva je sv\u011btle plav\u00e1, to v\u00a0kone\u010dn\u00e9m v\u00fdsledku zajist\u00ed p\u0159irozen\u011b vypadaj\u00edc\u00ed p\u0159echod mezi barvami. Pokud jste nositelkou sv\u011btle plav\u00fdch vlas\u016f, m\u016f\u017eete si k\u00a0vy\u0161isov\u00e1n\u00ed vlas\u016f dopomoci \u0161\u0165\u00e1vou z\u00a0citronu. \u0160\u0165\u00e1vu naneste na vlasy v\u0161ude tam, kde chcete, aby citron p\u016fsobil, vlasy je\u0161t\u011b prohr\u00e1bn\u011bte prsty a nechte uschnout nejl\u00e9pe pod slune\u010dn\u00edmi paprsky. Nakonec vlasy opl\u00e1chn\u011bte vlahou vodou. Samoz\u0159ejm\u011b v\u00fdsledek nebude patrn\u00fd po jedn\u00e9 aplikaci, proto postup opakujte n\u011bkolikr\u00e1t, klidn\u011b i m\u011bs\u00edc v\u00a0kuse. Va\u0161im vlas\u016fm to neu\u0161kod\u00ed, sp\u00ed\u0161e naopak.\tHistorie ombr\u00e9P\u016fvod tohoto n\u00e1padu vznikl ji\u017e v\u00a01. Polovin\u011b 19. Stolet\u00ed ve Francii. Tehdy se je\u0161t\u011b nejednalo o zp\u016fsob vlasov\u00e9ho barven\u00ed ale o ozna\u010den\u00ed tkanin a p\u0159\u00edz\u00ed duhov\u00fdch barev. Slovo \u201eombre\u201c je tedy francouzsk\u00e9ho p\u016fvodu a v\u00a0p\u0159ekladu znamen\u00e1 st\u00edn, co\u017e si lze v\u00a0tomto spojen\u00ed vylo\u017eit jako st\u00ednov\u00e1n\u00ed z\u00a0jedn\u00e9 barvy do druh\u00e9.\tVlastnoru\u010dn\u011b nebo u kade\u0159n\u00edka?Ombr\u00e9 barven\u00ed m\u016f\u017eete zkusit i sami doma. Na trhu lze k\u00a0tomuto \u00fa\u010delu sehnat speci\u00e1ln\u00ed barvy, kter\u00e9 v\u00a0balen\u00ed obsahuj\u00ed nejen tubu s\u00a0barvou ale tak\u00e9 speci\u00e1ln\u00ed h\u0159eb\u00ednek, kter\u00fd v\u00e1m usnadn\u00ed vytvo\u0159it co nejjemn\u011bj\u0161\u00ed p\u0159echod barvy. Nes\u00e1hnete vedle, pokud si po\u0159\u00edd\u00edte ombr\u00e9 barvu od L\u00b4oreal Paris, kter\u00e1 poskytuje v\u00fdb\u011br mezi t\u011bmito barvami podle odst\u00edn\u016f va\u0161\u00ed p\u0159\u00edrodn\u00ed barvy vlas\u016f. Doporu\u010duji v\u00e1m nejprve zaj\u00edt ke kade\u0159n\u00edkovi, a po\u0159\u00e1dn\u011b sledovat, jak barven\u00ed prov\u00e1d\u00ed a n\u00e1sleduj\u00edc\u00ed barven\u00ed u\u017e m\u016f\u017eete zkusit sama, ur\u010dit\u011b si potom budete v\u00edc jist\u00e1 s\u00a0t\u00edm, jak postupovat, i kdy\u017e u ka\u017ed\u00e9 barvy je samoz\u0159ejm\u011b n\u00e1vod k\u00a0pou\u017eit\u00ed.Barevn\u00e9 kombinacePokud v\u00e1s \u010dasem p\u0159estane bavit jen klasick\u00e1 ombr\u00e9 \u00faprava, kter\u00e1 je mimochodem tak\u00e9 \u0161etrn\u011bj\u0161\u00ed k\u00a0vlas\u016fm ne\u017e ty barevn\u011bj\u0161\u00ed varianty, m\u016f\u017eete zkusit experimentovat. Op\u011bt doporu\u010duji poradit se p\u0159edt\u00edm s\u00a0kade\u0159n\u00edkem. Pokud si v\u0161ak nejste jist\u00e1, jakou barvu na va\u0161e kone\u010dky zvolit, m\u016f\u017eete vyzkou\u0161et k\u0159\u00eddov\u00e9 barvy, kter\u00e9 zmiz\u00ed hned po jednom spl\u00e1chnut\u00ed vlas\u016f. Na trhu je mo\u017en\u00e9 je sehnat za m\u00e9n\u011b ne\u017e 200 K\u010d a v\u00fdb\u011br je ze \u0161irok\u00e9ho spektra barevn\u00fdch k\u0159\u00edd.V\u00a0\u00favodu byl zm\u00edn\u011bn, \u017ee nejl\u00e9pe tento zp\u016fsob barven\u00ed vypad\u00e1 na dlouh\u00fdch vlasech, ty v\u0161ak v\u016fbec nejsou podm\u00ednkou, ombr\u00e9 m\u016f\u017ee vypadat nem\u00e9n\u011b p\u016fsobiv\u011b i na vlasech st\u0159edn\u00ed d\u00e9lky \u010di dokonce i na mik\u00e1du. Pokud m\u00e1te chu\u0165 na zm\u011bnu va\u0161ich vlas\u016f, jen sm\u011ble do toho.\u00a0                                                                                                                                                                                                                                                                                                                                                                                        4\/5 - (5 votes)        "},{"@context":"https:\/\/schema.org\/","@type":"BreadcrumbList","itemListElement":[{"@type":"ListItem","position":1,"name":"Ombr\u00e9 \u00faprava vlas\u016f","item":"https:\/\/www.imatorino.cz\/ombre-uprava-vlasu\/#breadcrumbitem"}]}]