[{"@context":"https:\/\/schema.org\/","@type":"Article","@id":"https:\/\/www.imatorino.cz\/s-energii-usetrite\/#Article","mainEntityOfPage":"https:\/\/www.imatorino.cz\/s-energii-usetrite\/","headline":"S energi\u00ed u\u0161et\u0159\u00edte","name":"S energi\u00ed u\u0161et\u0159\u00edte","description":"Tak\u00e9 chcete u\u0161et\u0159it finance a b\u00fdt v\u00edce ekologi\u010dt\u00ed a \u0161et\u0159it p\u0159\u00edrodu? Chcete ulevit finan\u010dn\u00edmu rozpo\u010dtu? Pokud ano, tak bych podle <span class=\"more-text\">&hellip;<\/span>","datePublished":"2023-07-26","dateModified":"2023-07-26","author":{"@type":"Person","@id":"https:\/\/www.imatorino.cz\/author\/#Person","name":"imatorino.cz\n","url":"https:\/\/www.imatorino.cz\/author\/","identifier":1,"image":{"@type":"ImageObject","@id":"https:\/\/secure.gravatar.com\/avatar\/4a857923b487546550539169ba61d16e7910c692fb61fb4681a6882b9bc918c0?s=96&d=mm&r=g","url":"https:\/\/secure.gravatar.com\/avatar\/4a857923b487546550539169ba61d16e7910c692fb61fb4681a6882b9bc918c0?s=96&d=mm&r=g","height":96,"width":96}},"publisher":{"@type":"Organization","name":"imatorino.cz","logo":{"@type":"ImageObject","@id":"\/logo.png","url":"\/logo.png","width":600,"height":60}},"image":{"@type":"ImageObject","@id":"https:\/\/www.imatorino.cz\/wp-content\/uploads\/solar-farm-6619505_960_720.jpg","url":"https:\/\/www.imatorino.cz\/wp-content\/uploads\/solar-farm-6619505_960_720.jpg","height":0,"width":0},"url":"https:\/\/www.imatorino.cz\/s-energii-usetrite\/","about":["Slu\u017eby"],"wordCount":447,"articleBody":"   Tak\u00e9 chcete u\u0161et\u0159it finance a b\u00fdt v\u00edce ekologi\u010dt\u00ed a \u0161et\u0159it p\u0159\u00edrodu? Chcete ulevit finan\u010dn\u00edmu rozpo\u010dtu? Pokud ano, tak bych podle m\u00e9ho n\u00e1zoru tak\u00e9 uva\u017eovala o fotovoltaick\u00e9 elektr\u00e1rn\u011b. A proto\u017ee s partnerem a se zbytkem rodiny i s m\u00fdmi rodi\u010di bydl\u00edme v Brn\u011b, tak uva\u017eujeme o brn\u011bnsk\u00fdch fotovoltaick\u00fdch elektr\u00e1rn\u00e1ch. A pokud nev\u00edte nic o brn\u011bnsk\u00fdch fotovoltaick\u00fdch elektr\u00e1rn\u00e1ch nebo t\u0159eba nap\u0159\u00edklad i o sol\u00e1rn\u00edch panelech, tak se m\u016f\u017eete pod\u00edvat na webov\u00e9 str\u00e1nky joyce-energie.cz. Tam je tam nap\u0159\u00edklad kvalitn\u00ed fotovoltaika a tyto fotovoltaiky nap\u0159\u00edklad pro rodinn\u00fd d\u016fm m\u016f\u017eete vyu\u017e\u00edvat. Samoz\u0159ejm\u011b, \u017ee pokud chcete fotovoltaiku i na chatu nebo chalupu, tak samoz\u0159ejm\u011b tohle nen\u00ed v\u016fbec \u017e\u00e1dn\u00fd probl\u00e9m. V dne\u0161n\u00ed dob\u011b u\u017e jdou d\u00e1t fotovoltaick\u00e9 elektr\u00e1rny mo\u017en\u00e1 i na byty anebo men\u0161\u00ed bytovky. Pokud o tomhle uva\u017eujete, tak by bylo nejlep\u0161\u00ed, abyste si o tom zjistili v\u00edce informac\u00ed, jestli by to t\u0159eba \u0161lo i na v\u00e1\u0161 byt, byt v bytovce anebo i n\u011bkde jinde. J\u00e1 si mysl\u00edm, \u017ee i sol\u00e1rn\u00ed panely anebo fotovoltaick\u00e1 elektr\u00e1rna z Brna https:\/\/www.joyce-energie.cz\/fotovoltaika-rodinny-dum\/ se bude jist\u011b hodit, i kdy\u017e budete m\u00edt chatu nebo chalupu. J\u00e1 si mysl\u00edm, \u017ee ka\u017ed\u00fd \u010dlov\u011bk bude cht\u00edt u\u0161et\u0159it pen\u00edze, m\u016f\u017eete za\u017e\u00e1dat tak\u00e9 o dotace. J\u00e1 si mysl\u00edm, \u017ee v devades\u00e1ti procentech usp\u011bje ka\u017ed\u00fd, kdo si za\u017e\u00e1d\u00e1 o dotaci, tedy pokud je\u0161t\u011b finance na to budou, jestli na to je\u0161t\u011b budou dotace, proto\u017ee kdy\u017e st\u00e1tu dojdou dotace na sol\u00e1rn\u00ed panely anebo na fotovoltaickou elektr\u00e1rnu v Brn\u011b, tak u\u017e samoz\u0159ejm\u011b nikdo nedostane \u017e\u00e1dn\u00e9 dotace. Tohle je naprosto logick\u00e9, kdy\u017e nejsou finance, tak je n\u011bkdo nem\u016f\u017ee dostat. My u\u017e m\u00e1me fotovoltaickou elektr\u00e1rnu z Brna n\u011bkolik let. A jsme s n\u00ed maxim\u00e1ln\u011b spokojeni. P\u0159edpokl\u00e1d\u00e1m, \u017ee i vy s n\u00ed budete spokojeni, proto\u017ee vy potom v budoucnu u\u0161et\u0159\u00edte spoustu \u010dasu. Nav\u00edc fotovoltaick\u00e1 elektr\u00e1rna z Brna je velice ekologick\u00e1, tak\u017ee budete m\u00edt alespo\u0148 dobr\u00fd pocit, \u017ee \u0161et\u0159\u00edte  https:\/\/zdravi.euro.cz\/denni-zpravy\/jobzurnal\/jak-setrite-v-ordinaci-na-lecich-poradte-svym-kolegum-170019 p\u0159\u00edrodu. A j\u00e1 si mysl\u00edm, \u017ee v dne\u0161n\u00ed dob\u011b \u0161et\u0159it p\u0159\u00edrodu je velice \u0161lechetn\u00e9. Tohle chceme i s partnerem. Kolikr\u00e1t u\u017e uva\u017eujeme, jak je\u0161t\u011b v\u00edce \u0161et\u0159it p\u0159\u00edrodu a na\u0161e okol\u00ed.                                                                                                                                                                                                                                                                                                                                                                                           4.3\/5 - (6 votes)        "},{"@context":"https:\/\/schema.org\/","@type":"BreadcrumbList","itemListElement":[{"@type":"ListItem","position":1,"name":"S energi\u00ed u\u0161et\u0159\u00edte","item":"https:\/\/www.imatorino.cz\/s-energii-usetrite\/#breadcrumbitem"}]}]