[{"@context":"https:\/\/schema.org\/","@type":"Article","@id":"https:\/\/www.imatorino.cz\/volite-strechu-ktera-neco-vydrzi\/#Article","mainEntityOfPage":"https:\/\/www.imatorino.cz\/volite-strechu-ktera-neco-vydrzi\/","headline":"Vol\u00edte st\u0159echu, kter\u00e1 n\u011bco vydr\u017e\u00ed","name":"Vol\u00edte st\u0159echu, kter\u00e1 n\u011bco vydr\u017e\u00ed","description":"Ve va\u0161em p\u0159\u00edpad\u011b bude t\u00edm nejlep\u0161\u00edm mo\u017en\u00fdm \u0159e\u0161en\u00edm plechov\u00e1 krytina na st\u0159echu. Byl byste toti\u017e nerad, aby v\u00e1m ji z\u00a0va\u0161\u00ed <span class=\"more-text\">&hellip;<\/span>","datePublished":"2024-11-01","dateModified":"2024-11-01","author":{"@type":"Person","@id":"https:\/\/www.imatorino.cz\/author\/#Person","name":"imatorino.cz\n","url":"https:\/\/www.imatorino.cz\/author\/","identifier":1,"image":{"@type":"ImageObject","@id":"https:\/\/secure.gravatar.com\/avatar\/4a857923b487546550539169ba61d16e7910c692fb61fb4681a6882b9bc918c0?s=96&d=mm&r=g","url":"https:\/\/secure.gravatar.com\/avatar\/4a857923b487546550539169ba61d16e7910c692fb61fb4681a6882b9bc918c0?s=96&d=mm&r=g","height":96,"width":96}},"publisher":{"@type":"Organization","name":"imatorino.cz","logo":{"@type":"ImageObject","@id":"\/logo.png","url":"\/logo.png","width":600,"height":60}},"url":"https:\/\/www.imatorino.cz\/volite-strechu-ktera-neco-vydrzi\/","wordCount":254,"articleBody":"\tVe va\u0161em p\u0159\u00edpad\u011b bude t\u00edm nejlep\u0161\u00edm mo\u017en\u00fdm \u0159e\u0161en\u00edm plechov\u00e1 krytina na st\u0159echu. Byl byste toti\u017e nerad, aby v\u00e1m ji z\u00a0va\u0161\u00ed chaty odnesl n\u011bkter\u00fd z\u00a0t\u011bch mohutn\u00fdch vichr\u016f, kter\u00e9 se tady pravideln\u011b proh\u00e1n\u011bj\u00ed. Zkr\u00e1tka stav\u011bt si horskou chatu, to nen\u00ed jen tak, to se p\u0159i tom mus\u00ed po\u010d\u00edtat s\u00a0m\u00edstn\u00edmi pov\u011btrnostn\u00edmi podm\u00ednkami, kter\u00e9 jsou ve zdej\u0161\u00edch hor\u00e1ch pom\u011brn\u011b divok\u00e9. A vy je\u0161t\u011b zrovna stav\u00edte na n\u00e1v\u011btrn\u00e9 stran\u011b. V\u0161ak u\u017e v\u00e1s va\u0161i soused\u00e9 varovali, abyste si dal pozor a nedopadnul jako mnoz\u00ed jin\u00ed. Po\u010das\u00ed se zde m\u011bn\u00ed ne z\u00a0hodiny na hodinu, ale z\u00a0minuty na minutu, je to tady holt drsn\u00fd kraj.\tKr\u00e1sn\u00e1 a \u0161t\u011bdr\u00e1Ale nechcete si na nic st\u011b\u017eovat, kdyby se v\u00e1m tady nel\u00edbilo, tak byste si to m\u00edsto nevybral. M\u00e1te ke zdej\u0161\u00ed krajin\u011b vybudovan\u00fd vztah z\u00a0d\u011btstv\u00ed, kdy jste zde s\u00a0rodi\u010di jezdili za va\u0161\u00ed babi\u010dkou a ob\u010das jste tu str\u00e1vil i n\u011bjakou \u010d\u00e1st letn\u00edch pr\u00e1zdnin. To v\u017edycky zdej\u0161\u00ed lesy b\u00fdvaly pln\u00e9 bor\u016fvek, malin a hub, \u010dlov\u011bk nev\u011bd\u011bl, co si m\u00e1 d\u0159\u00edve strkat do pusy. A i nyn\u00ed v\u00edte, kam si m\u00e1te pro \u00farodu zaj\u00edt. V\u011bt\u0161inu v\u0161ak zni\u010dily sjezdovky m\u00edstn\u00edch zbohatl\u00edk\u016f.                                                                                                                                                                                                                                                                                                                                                                                        4.6\/5 - (7 votes)        "},{"@context":"https:\/\/schema.org\/","@type":"BreadcrumbList","itemListElement":[{"@type":"ListItem","position":1,"name":"Vol\u00edte st\u0159echu, kter\u00e1 n\u011bco vydr\u017e\u00ed","item":"https:\/\/www.imatorino.cz\/volite-strechu-ktera-neco-vydrzi\/#breadcrumbitem"}]}]