[{"@context":"https:\/\/schema.org\/","@type":"Article","@id":"https:\/\/www.imatorino.cz\/za-komunistu-bylo-lip\/#Article","mainEntityOfPage":"https:\/\/www.imatorino.cz\/za-komunistu-bylo-lip\/","headline":"Za komunist\u016f bylo l\u00edp","name":"Za komunist\u016f bylo l\u00edp","description":"Ur\u010dit\u011b jste si v\u0161imli, \u017ee n\u011bkte\u0159\u00ed star\u0161\u00ed lid\u00e9 \u0159\u00edkaj\u00ed, \u017ee za komunist\u016f bylo l\u00edp. A za\u010dnou s\u00a0v\u00fd\u010dtem v\u00fdhod. Ml\u00e9ko st\u00e1lo <span class=\"more-text\">&hellip;<\/span>","datePublished":"2019-06-20","dateModified":"2023-04-28","author":{"@type":"Person","@id":"https:\/\/www.imatorino.cz\/author\/#Person","name":"imatorino.cz\n","url":"https:\/\/www.imatorino.cz\/author\/","identifier":1,"image":{"@type":"ImageObject","@id":"https:\/\/secure.gravatar.com\/avatar\/4a857923b487546550539169ba61d16e7910c692fb61fb4681a6882b9bc918c0?s=96&d=mm&r=g","url":"https:\/\/secure.gravatar.com\/avatar\/4a857923b487546550539169ba61d16e7910c692fb61fb4681a6882b9bc918c0?s=96&d=mm&r=g","height":96,"width":96}},"publisher":{"@type":"Organization","name":"imatorino.cz","logo":{"@type":"ImageObject","@id":"\/logo.png","url":"\/logo.png","width":600,"height":60}},"image":{"@type":"ImageObject","@id":"https:\/\/www.imatorino.cz\/wp-content\/uploads\/img_a346831_w1948_t1561145465.jpg","url":"https:\/\/www.imatorino.cz\/wp-content\/uploads\/img_a346831_w1948_t1561145465.jpg","height":0,"width":0},"url":"https:\/\/www.imatorino.cz\/za-komunistu-bylo-lip\/","about":["\u017divotn\u00ed styl"],"wordCount":434,"articleBody":"Ur\u010dit\u011b jste si v\u0161imli, \u017ee n\u011bkte\u0159\u00ed star\u0161\u00ed lid\u00e9 \u0159\u00edkaj\u00ed, \u017ee za komunist\u016f bylo l\u00edp. A za\u010dnou s\u00a0v\u00fd\u010dtem v\u00fdhod. Ml\u00e9ko st\u00e1lo dv\u011b koruny, rohl\u00edk \u010dty\u0159icet hal\u00e9\u0159\u016f, existovaly soci\u00e1ln\u00ed jistoty, ka\u017ed\u00fd m\u011bl sv\u00e9 zam\u011bstn\u00e1n\u00ed, co v\u00edc, kdo nepracoval, byl st\u00edhan\u00fd pro p\u0159\u00ed\u017eivnictv\u00ed, existovaly bez\u00faro\u010dn\u00e9 novoman\u017eelsk\u00e9 p\u016fj\u010dky, byty dost\u00e1vali lid\u00e9 zdarma. Agitace je tak siln\u00e1, \u017ee i lid\u00e9, kte\u0159\u00ed komunismus nepro\u017eili, dok\u00e1\u017eou v\u011b\u0159it tomu, \u017ee to byla vysn\u011bn\u00e1 doba, ale bylo tomu skute\u010dn\u011b tak?\tV\u00a0obchodech chyb\u011blo z\u00e1kladn\u00ed zbo\u017e\u00ed, bez \u00faplatku V\u00e1m neo\u0161et\u0159ili ani zuby, bez protekce se d\u011bti nem\u011bli \u0161anci dostat na \u0161kolu, stejn\u011b tak bez vhodn\u00e9ho rodinn\u00e9ho profilu. P\u0159edev\u0161\u00edm ov\u0161em komunistick\u00fd re\u017eim jako takov\u00fd m\u00e1 na sv\u011bdom\u00ed mnohem v\u00edce lidsk\u00fdch \u017eivot\u016f ne\u017e druh\u00e1 sv\u011btov\u00e1 v\u00e1lka. Je to re\u017eim, kter\u00fd je zalo\u017een\u00fd na l\u017ei. Mnoho lid\u00ed jim uv\u011b\u0159ilo. P\u0159edstavte si tu hroznou dobu prvn\u00ed poloviny dvac\u00e1t\u00e9ho stolet\u00ed. Prvn\u00ed sv\u011btov\u00e1 v\u00e1lka, kdy byly poprv\u00e9 vyu\u017eity chemick\u00e9 zbran\u011b, obdob\u00ed velk\u00e9 ekonomick\u00e9 krize a hyperinflace koncem dvac\u00e1t\u00fdch a v\u00a0t\u0159ic\u00e1t\u00fdch letech, hr\u016fzy druh\u00e9 sv\u011btov\u00e9 v\u00e1lky. A pak je tady idea spravedliv\u00e9ho komunismu. Nelze se divit lidem, kte\u0159\u00ed v\u0161echny tyto hr\u016fzy pro\u017eili, \u017ee tomuto ide\u00e1lu uv\u011b\u0159ili a vedli k\u00a0tomu i sv\u00e9 d\u011bti. Kdo by tu\u0161il, \u017ee po v\u0161ech t\u011bch hr\u016fz\u00e1ch, nastanou hr\u016fzy dal\u0161\u00ed.\t\tStar\u0161\u00ed lid\u00e9 na tento re\u017eim vzpom\u00ednaj\u00ed s\u00a0nostalgi\u00ed, proto\u017ee to byla doba jejich ml\u00e1d\u00ed. Pro ka\u017ed\u00e9ho \u010dlov\u011bka je nejkr\u00e1sn\u011bj\u0161\u00ed ta doba, kdy byli mlad\u00ed a pln\u00ed ide\u00e1l\u016f. \u00a0Ale kdy\u017e si v\u0161imnete star\u0161\u00edch lid\u00ed, pozn\u00e1te, jak hluboce jsou touto dobou poznamenan\u00ed. P\u0159edev\u0161\u00edm je to ta pot\u0159eba m\u00edt v\u0161e nalinkovan\u00e9. Pro tyto lidi je velmi obt\u00ed\u017en\u00e9 jednat samostatn\u011b a vytv\u00e1\u0159et si sv\u016fj vlastn\u00ed relevantn\u00ed n\u00e1zor. I kdy\u017e se jim da\u0159\u00ed pom\u011brn\u011b dob\u0159e a dokonce jsou relativn\u011b zdrav\u00ed, jsou v\u00a0tomto ohledu nepochybn\u011b ob\u011bt\u00ed re\u017eimu.\t\tN\u00e1\u0161 re\u017eim ur\u010dit\u011b nen\u00ed ide\u00e1ln\u00ed. Takov\u00fd ani neexistuje. Ale srovn\u00e1n\u00ed, \u017ee tehdy bylo l\u00edp, ur\u010dit\u011b nem\u016f\u017ee obst\u00e1t. Je t\u0159eba neohl\u00ed\u017eet se zp\u011bt, ale pracovat na \u0159e\u0161en\u00edch. U\u017e kv\u016fli budouc\u00edm generac\u00edm.\t\u00a0                                                                                                                                                                                                                                                                                                                                                                                        4\/5 - (4 votes)        "},{"@context":"https:\/\/schema.org\/","@type":"BreadcrumbList","itemListElement":[{"@type":"ListItem","position":1,"name":"Za komunist\u016f bylo l\u00edp","item":"https:\/\/www.imatorino.cz\/za-komunistu-bylo-lip\/#breadcrumbitem"}]}]